{"id":188,"date":"2013-10-06T16:13:10","date_gmt":"2013-10-06T19:13:10","guid":{"rendered":"https:\/\/www.fotoespacio.cl\/antologia2\/?p=188"},"modified":"2022-07-04T11:39:25","modified_gmt":"2022-07-04T15:39:25","slug":"fuentes-traverso-emilio-jose","status":"publish","type":"post","link":"https:\/\/www.fotoespacio.cl\/antologia2\/fuentes-traverso-emilio-jose\/","title":{"rendered":"Fuentes Traverso, Emilio Jos\u00e9"},"content":{"rendered":"\n<p><strong>A\u00f1o de nacimiento: 1983<\/strong><br><strong>Reside en Santiago<\/strong><br><\/p>\n\n\n\n<p><strong>Biograf\u00eda Personal:<\/strong><br>Profesor de Biolog\u00eda y fot\u00f3grafo en sus ratos libres. Ha participado en exposiciones colectivas y concursos organizados, entre otros, por revista Paula, PDI, UNICEF y Radio Zero, logrando exponer algunas de sus fotograf\u00edas en diversos puntos de Santiago como, Galer\u00eda Animal, Museo de la Memoria, Matucana 100, Estaci\u00f3n Mapocho y Galer\u00eda SOF\u00c1. Actualmente realiza un taller de fotograf\u00eda digital con estudiantes secundarios.<br><\/p>\n\n\n\n<p><strong>Visi\u00f3n de Obra:<\/strong><br><em>\u201cFicciones\u201d<\/em>, corresponde a una serie de retratos, estructuras urbanas y naturales que reflejan el entorno en donde se genera vida. Nostalgia en colores que recuerdan lo que fue y lo que es. Historias y segundos que permanecen intactos en el tiempo y que vuelven a cobrar noci\u00f3n al incluir fragmentos externos que aumentan la vida existente en la imagen. Recortes extra\u00eddos de otras historias que se mezclan creando una nueva raz\u00f3n, concentrada en s\u00edmbolos que luchan por unirse y dar sentido a un nuevo contexto que no tiene intensi\u00f3n de mostrar lo que es.<br><\/p>\n\n\n\n<p><strong>Muestra<\/strong><br><img decoding=\"async\" class=\"ngg_displayed_gallery mceItem\" src=\"https:\/\/www.fotoespacio.cl\/antologia2\/index.php\/nextgen-attach_to_post\/preview\/id--189\" alt=\"\"><\/p>\n\n\n\n<figure class=\"wp-block-gallery has-nested-images columns-4 is-cropped wp-block-gallery-1 is-layout-flex wp-block-gallery-is-layout-flex\">\n<figure class=\"wp-block-image size-large\"><a href=\"https:\/\/www.fotoespacio.cl\/antologia2\/wp-content\/uploads\/2022\/07\/fuentes-traverso-emilio_01.jpg\"><img loading=\"lazy\" decoding=\"async\" width=\"600\" height=\"600\" data-id=\"682\" src=\"https:\/\/www.fotoespacio.cl\/antologia2\/wp-content\/uploads\/2022\/07\/fuentes-traverso-emilio_01.jpg\" alt=\"\" class=\"wp-image-682\" srcset=\"https:\/\/www.fotoespacio.cl\/antologia2\/wp-content\/uploads\/2022\/07\/fuentes-traverso-emilio_01.jpg 600w, https:\/\/www.fotoespacio.cl\/antologia2\/wp-content\/uploads\/2022\/07\/fuentes-traverso-emilio_01-300x300.jpg 300w, https:\/\/www.fotoespacio.cl\/antologia2\/wp-content\/uploads\/2022\/07\/fuentes-traverso-emilio_01-150x150.jpg 150w, https:\/\/www.fotoespacio.cl\/antologia2\/wp-content\/uploads\/2022\/07\/fuentes-traverso-emilio_01-500x500.jpg 500w\" sizes=\"auto, (max-width: 600px) 100vw, 600px\" \/><\/a><\/figure>\n\n\n\n<figure class=\"wp-block-image size-large\"><a href=\"https:\/\/www.fotoespacio.cl\/antologia2\/wp-content\/uploads\/2022\/07\/fuentes-traverso-emilio_01s.jpg\"><img loading=\"lazy\" decoding=\"async\" width=\"600\" height=\"600\" data-id=\"681\" src=\"https:\/\/www.fotoespacio.cl\/antologia2\/wp-content\/uploads\/2022\/07\/fuentes-traverso-emilio_01s.jpg\" alt=\"\" class=\"wp-image-681\" srcset=\"https:\/\/www.fotoespacio.cl\/antologia2\/wp-content\/uploads\/2022\/07\/fuentes-traverso-emilio_01s.jpg 600w, https:\/\/www.fotoespacio.cl\/antologia2\/wp-content\/uploads\/2022\/07\/fuentes-traverso-emilio_01s-300x300.jpg 300w, https:\/\/www.fotoespacio.cl\/antologia2\/wp-content\/uploads\/2022\/07\/fuentes-traverso-emilio_01s-150x150.jpg 150w, https:\/\/www.fotoespacio.cl\/antologia2\/wp-content\/uploads\/2022\/07\/fuentes-traverso-emilio_01s-500x500.jpg 500w\" sizes=\"auto, (max-width: 600px) 100vw, 600px\" \/><\/a><\/figure>\n\n\n\n<figure class=\"wp-block-image size-large\"><a href=\"https:\/\/www.fotoespacio.cl\/antologia2\/wp-content\/uploads\/2022\/07\/fuentes-traverso-emilio_03.jpg\"><img loading=\"lazy\" decoding=\"async\" width=\"600\" height=\"600\" data-id=\"683\" src=\"https:\/\/www.fotoespacio.cl\/antologia2\/wp-content\/uploads\/2022\/07\/fuentes-traverso-emilio_03.jpg\" alt=\"\" class=\"wp-image-683\" srcset=\"https:\/\/www.fotoespacio.cl\/antologia2\/wp-content\/uploads\/2022\/07\/fuentes-traverso-emilio_03.jpg 600w, https:\/\/www.fotoespacio.cl\/antologia2\/wp-content\/uploads\/2022\/07\/fuentes-traverso-emilio_03-300x300.jpg 300w, https:\/\/www.fotoespacio.cl\/antologia2\/wp-content\/uploads\/2022\/07\/fuentes-traverso-emilio_03-150x150.jpg 150w, https:\/\/www.fotoespacio.cl\/antologia2\/wp-content\/uploads\/2022\/07\/fuentes-traverso-emilio_03-500x500.jpg 500w\" sizes=\"auto, (max-width: 600px) 100vw, 600px\" \/><\/a><\/figure>\n\n\n\n<figure class=\"wp-block-image size-large\"><a href=\"https:\/\/www.fotoespacio.cl\/antologia2\/wp-content\/uploads\/2022\/07\/fuentes-traverso-emilio_04.jpg\"><img loading=\"lazy\" decoding=\"async\" width=\"600\" height=\"600\" data-id=\"684\" src=\"https:\/\/www.fotoespacio.cl\/antologia2\/wp-content\/uploads\/2022\/07\/fuentes-traverso-emilio_04.jpg\" alt=\"\" class=\"wp-image-684\" srcset=\"https:\/\/www.fotoespacio.cl\/antologia2\/wp-content\/uploads\/2022\/07\/fuentes-traverso-emilio_04.jpg 600w, https:\/\/www.fotoespacio.cl\/antologia2\/wp-content\/uploads\/2022\/07\/fuentes-traverso-emilio_04-300x300.jpg 300w, https:\/\/www.fotoespacio.cl\/antologia2\/wp-content\/uploads\/2022\/07\/fuentes-traverso-emilio_04-150x150.jpg 150w, https:\/\/www.fotoespacio.cl\/antologia2\/wp-content\/uploads\/2022\/07\/fuentes-traverso-emilio_04-500x500.jpg 500w\" sizes=\"auto, (max-width: 600px) 100vw, 600px\" \/><\/a><\/figure>\n\n\n\n<figure class=\"wp-block-image size-large\"><a href=\"https:\/\/www.fotoespacio.cl\/antologia2\/wp-content\/uploads\/2022\/07\/fuentes-traverso-emilio_05.jpg\"><img loading=\"lazy\" decoding=\"async\" width=\"600\" height=\"600\" data-id=\"685\" src=\"https:\/\/www.fotoespacio.cl\/antologia2\/wp-content\/uploads\/2022\/07\/fuentes-traverso-emilio_05.jpg\" alt=\"\" class=\"wp-image-685\" srcset=\"https:\/\/www.fotoespacio.cl\/antologia2\/wp-content\/uploads\/2022\/07\/fuentes-traverso-emilio_05.jpg 600w, https:\/\/www.fotoespacio.cl\/antologia2\/wp-content\/uploads\/2022\/07\/fuentes-traverso-emilio_05-300x300.jpg 300w, https:\/\/www.fotoespacio.cl\/antologia2\/wp-content\/uploads\/2022\/07\/fuentes-traverso-emilio_05-150x150.jpg 150w, https:\/\/www.fotoespacio.cl\/antologia2\/wp-content\/uploads\/2022\/07\/fuentes-traverso-emilio_05-500x500.jpg 500w\" sizes=\"auto, (max-width: 600px) 100vw, 600px\" \/><\/a><\/figure>\n\n\n\n<figure class=\"wp-block-image size-large\"><a href=\"https:\/\/www.fotoespacio.cl\/antologia2\/wp-content\/uploads\/2022\/07\/fuentes-traverso-emilio_06.jpg\"><img loading=\"lazy\" decoding=\"async\" width=\"600\" height=\"600\" data-id=\"686\" src=\"https:\/\/www.fotoespacio.cl\/antologia2\/wp-content\/uploads\/2022\/07\/fuentes-traverso-emilio_06.jpg\" alt=\"\" class=\"wp-image-686\" srcset=\"https:\/\/www.fotoespacio.cl\/antologia2\/wp-content\/uploads\/2022\/07\/fuentes-traverso-emilio_06.jpg 600w, https:\/\/www.fotoespacio.cl\/antologia2\/wp-content\/uploads\/2022\/07\/fuentes-traverso-emilio_06-300x300.jpg 300w, https:\/\/www.fotoespacio.cl\/antologia2\/wp-content\/uploads\/2022\/07\/fuentes-traverso-emilio_06-150x150.jpg 150w, https:\/\/www.fotoespacio.cl\/antologia2\/wp-content\/uploads\/2022\/07\/fuentes-traverso-emilio_06-500x500.jpg 500w\" sizes=\"auto, (max-width: 600px) 100vw, 600px\" \/><\/a><\/figure>\n\n\n\n<figure class=\"wp-block-image size-large\"><a href=\"https:\/\/www.fotoespacio.cl\/antologia2\/wp-content\/uploads\/2022\/07\/fuentes-traverso-emilio_07.jpg\"><img loading=\"lazy\" decoding=\"async\" width=\"600\" height=\"600\" data-id=\"687\" src=\"https:\/\/www.fotoespacio.cl\/antologia2\/wp-content\/uploads\/2022\/07\/fuentes-traverso-emilio_07.jpg\" alt=\"\" class=\"wp-image-687\" srcset=\"https:\/\/www.fotoespacio.cl\/antologia2\/wp-content\/uploads\/2022\/07\/fuentes-traverso-emilio_07.jpg 600w, https:\/\/www.fotoespacio.cl\/antologia2\/wp-content\/uploads\/2022\/07\/fuentes-traverso-emilio_07-300x300.jpg 300w, https:\/\/www.fotoespacio.cl\/antologia2\/wp-content\/uploads\/2022\/07\/fuentes-traverso-emilio_07-150x150.jpg 150w, https:\/\/www.fotoespacio.cl\/antologia2\/wp-content\/uploads\/2022\/07\/fuentes-traverso-emilio_07-500x500.jpg 500w\" sizes=\"auto, (max-width: 600px) 100vw, 600px\" \/><\/a><\/figure>\n\n\n\n<figure class=\"wp-block-image size-large\"><a href=\"https:\/\/www.fotoespacio.cl\/antologia2\/wp-content\/uploads\/2022\/07\/fuentes-traverso-emilio_08.jpg\"><img loading=\"lazy\" decoding=\"async\" width=\"600\" height=\"600\" data-id=\"688\" src=\"https:\/\/www.fotoespacio.cl\/antologia2\/wp-content\/uploads\/2022\/07\/fuentes-traverso-emilio_08.jpg\" alt=\"\" class=\"wp-image-688\" srcset=\"https:\/\/www.fotoespacio.cl\/antologia2\/wp-content\/uploads\/2022\/07\/fuentes-traverso-emilio_08.jpg 600w, https:\/\/www.fotoespacio.cl\/antologia2\/wp-content\/uploads\/2022\/07\/fuentes-traverso-emilio_08-300x300.jpg 300w, https:\/\/www.fotoespacio.cl\/antologia2\/wp-content\/uploads\/2022\/07\/fuentes-traverso-emilio_08-150x150.jpg 150w, https:\/\/www.fotoespacio.cl\/antologia2\/wp-content\/uploads\/2022\/07\/fuentes-traverso-emilio_08-500x500.jpg 500w\" sizes=\"auto, (max-width: 600px) 100vw, 600px\" \/><\/a><\/figure>\n\n\n\n<figure class=\"wp-block-image size-large\"><a href=\"https:\/\/www.fotoespacio.cl\/antologia2\/wp-content\/uploads\/2022\/07\/fuentes-traverso-emilio_11.jpg\"><img loading=\"lazy\" decoding=\"async\" width=\"600\" height=\"600\" data-id=\"689\" src=\"https:\/\/www.fotoespacio.cl\/antologia2\/wp-content\/uploads\/2022\/07\/fuentes-traverso-emilio_11.jpg\" alt=\"\" class=\"wp-image-689\" srcset=\"https:\/\/www.fotoespacio.cl\/antologia2\/wp-content\/uploads\/2022\/07\/fuentes-traverso-emilio_11.jpg 600w, https:\/\/www.fotoespacio.cl\/antologia2\/wp-content\/uploads\/2022\/07\/fuentes-traverso-emilio_11-300x300.jpg 300w, https:\/\/www.fotoespacio.cl\/antologia2\/wp-content\/uploads\/2022\/07\/fuentes-traverso-emilio_11-150x150.jpg 150w, https:\/\/www.fotoespacio.cl\/antologia2\/wp-content\/uploads\/2022\/07\/fuentes-traverso-emilio_11-500x500.jpg 500w\" sizes=\"auto, (max-width: 600px) 100vw, 600px\" \/><\/a><\/figure>\n\n\n\n<figure class=\"wp-block-image size-large\"><a href=\"https:\/\/www.fotoespacio.cl\/antologia2\/wp-content\/uploads\/2022\/07\/fuentes-traverso-emilio_12d.jpg\"><img loading=\"lazy\" decoding=\"async\" width=\"600\" height=\"600\" data-id=\"690\" src=\"https:\/\/www.fotoespacio.cl\/antologia2\/wp-content\/uploads\/2022\/07\/fuentes-traverso-emilio_12d.jpg\" alt=\"\" class=\"wp-image-690\" srcset=\"https:\/\/www.fotoespacio.cl\/antologia2\/wp-content\/uploads\/2022\/07\/fuentes-traverso-emilio_12d.jpg 600w, https:\/\/www.fotoespacio.cl\/antologia2\/wp-content\/uploads\/2022\/07\/fuentes-traverso-emilio_12d-300x300.jpg 300w, https:\/\/www.fotoespacio.cl\/antologia2\/wp-content\/uploads\/2022\/07\/fuentes-traverso-emilio_12d-150x150.jpg 150w, https:\/\/www.fotoespacio.cl\/antologia2\/wp-content\/uploads\/2022\/07\/fuentes-traverso-emilio_12d-500x500.jpg 500w\" sizes=\"auto, (max-width: 600px) 100vw, 600px\" \/><\/a><\/figure>\n<\/figure>\n","protected":false},"excerpt":{"rendered":"<p>A\u00f1o de nacimiento: 1983Reside en Santiago Biograf\u00eda Personal:Profesor de Biolog\u00eda y fot\u00f3grafo en sus ratos libres. Ha participado en exposiciones colectivas y concursos organizados, entre otros, por revista Paula, PDI, UNICEF y Radio Zero, logrando exponer algunas de sus fotograf\u00edas en diversos puntos de Santiago como, Galer\u00eda Animal, Museo de la Memoria, Matucana 100, Estaci\u00f3n [&hellip;]<\/p>\n","protected":false},"author":1,"featured_media":680,"comment_status":"open","ping_status":"open","sticky":false,"template":"","format":"standard","meta":{"footnotes":""},"categories":[2],"tags":[],"class_list":["post-188","post","type-post","status-publish","format-standard","has-post-thumbnail","hentry","category-participantes"],"_links":{"self":[{"href":"https:\/\/www.fotoespacio.cl\/antologia2\/wp-json\/wp\/v2\/posts\/188","targetHints":{"allow":["GET"]}}],"collection":[{"href":"https:\/\/www.fotoespacio.cl\/antologia2\/wp-json\/wp\/v2\/posts"}],"about":[{"href":"https:\/\/www.fotoespacio.cl\/antologia2\/wp-json\/wp\/v2\/types\/post"}],"author":[{"embeddable":true,"href":"https:\/\/www.fotoespacio.cl\/antologia2\/wp-json\/wp\/v2\/users\/1"}],"replies":[{"embeddable":true,"href":"https:\/\/www.fotoespacio.cl\/antologia2\/wp-json\/wp\/v2\/comments?post=188"}],"version-history":[{"count":1,"href":"https:\/\/www.fotoespacio.cl\/antologia2\/wp-json\/wp\/v2\/posts\/188\/revisions"}],"predecessor-version":[{"id":691,"href":"https:\/\/www.fotoespacio.cl\/antologia2\/wp-json\/wp\/v2\/posts\/188\/revisions\/691"}],"wp:featuredmedia":[{"embeddable":true,"href":"https:\/\/www.fotoespacio.cl\/antologia2\/wp-json\/wp\/v2\/media\/680"}],"wp:attachment":[{"href":"https:\/\/www.fotoespacio.cl\/antologia2\/wp-json\/wp\/v2\/media?parent=188"}],"wp:term":[{"taxonomy":"category","embeddable":true,"href":"https:\/\/www.fotoespacio.cl\/antologia2\/wp-json\/wp\/v2\/categories?post=188"},{"taxonomy":"post_tag","embeddable":true,"href":"https:\/\/www.fotoespacio.cl\/antologia2\/wp-json\/wp\/v2\/tags?post=188"}],"curies":[{"name":"wp","href":"https:\/\/api.w.org\/{rel}","templated":true}]}}